{"id":15521,"date":"2025-05-24T15:12:23","date_gmt":"2025-05-24T19:12:23","guid":{"rendered":"https:\/\/maratonespr.com\/?p=15521"},"modified":"2025-08-14T13:17:50","modified_gmt":"2025-08-14T17:17:50","slug":"loiza-sera-escenario-del-esperado-duelo-de-campeones-en-el-medio-maraton-csilo-21k","status":"publish","type":"post","link":"https:\/\/maratonespr.com\/?p=15521","title":{"rendered":"Lo\u00edza ser\u00e1 escenario del esperado &#8220;Duelo de Campeones&#8221; en el Medio Marat\u00f3n CSILO 21K"},"content":{"rendered":"\n<p><strong>Lo\u00edza, Puerto Rico<\/strong>\u00a0\u2013 Este pr\u00f3ximo\u00a0<strong>domingo, 24 de agosto<\/strong>, el pueblo costero se convertir\u00e1 en el epicentro del atletismo puertorrique\u00f1o con la celebraci\u00f3n del\u00a0<strong>Medio Marat\u00f3n de Lo\u00edza CSILO 21K<\/strong>. Esta edici\u00f3n presenta un enfrentamiento estelar que ha capturado la atenci\u00f3n del mundo del fondismo: el\u00a0<strong>\u201cDuelo de Campeones\u201d<\/strong>, protagonizado por el puertorrique\u00f1o\u00a0<strong>Alexander Torres<\/strong>\u00a0y el dominicano\u00a0<strong>\u00c1lvaro Abreu<\/strong>, quien reside en Puerto Rico desde hace m\u00e1s de 15 a\u00f1os.<\/p>\n\n\n\n<p><strong>Un duelo caribe\u00f1o de alto calibre: Torres vs. Abreu<\/strong><\/p>\n\n\n\n<p><strong>Alexander Torres<\/strong>&nbsp;es un referente del atletismo nacional, conocido por su consistencia en el podio, su fuerza mental y una t\u00e9cnica que lo ha llevado a destacarse en las principales carreras del pa\u00eds.<\/p>\n\n\n\n<p><strong>\u00c1lvaro Abreu<\/strong>, con m\u00e1s de una d\u00e9cada compitiendo en Puerto Rico, ha ganado el respeto del circuito por su explosividad, estrategia y constante evoluci\u00f3n como corredor \u00e9lite. Su presencia asegura una carrera intensa y electrizante.<\/p>\n\n\n\n<p>Ambos se medir\u00e1n en una ruta exigente de 21 kil\u00f3metros, en un mano a mano sin precedentes que definir\u00e1 qui\u00e9n domina el fondismo caribe\u00f1o.<\/p>\n\n\n\n<p><strong>Evento completamente lleno con m\u00e1s de 2,000 corredores inscritos<\/strong><\/p>\n\n\n\n<p>Con un r\u00e9cord de participaci\u00f3n, el CSILO 21K agot\u00f3 todos sus espacios disponibles, reuniendo a&nbsp;<strong>m\u00e1s de 2,000 corredores<\/strong>&nbsp;de toda la isla y el extranjero. La convocatoria masiva confirma que este evento se ha convertido en uno de los encuentros deportivos m\u00e1s importantes del a\u00f1o en Puerto Rico.<\/p>\n\n\n\n<p><strong>Una experiencia comunitaria llena de salud, cultura y deporte<\/strong><\/p>\n\n\n\n<p>El&nbsp;<strong>CSILO 21K<\/strong>&nbsp;es organizado por el&nbsp;<strong>Concilio de Salud Integral de Lo\u00edza<\/strong>, y este a\u00f1o est\u00e1&nbsp;<strong>bajo la producci\u00f3n de Carlos Flores<\/strong>,&nbsp;<strong>promotor de espect\u00e1culos p\u00fablicos<\/strong>&nbsp;y CEO de&nbsp;<strong>World Events Production<\/strong>, quien ha impulsado una experiencia enriquecida para corredores y visitantes.&nbsp;&nbsp;El evento promueve la salud y el bienestar a trav\u00e9s del deporte, integrando actividades para toda la familia, m\u00fasica en vivo, kioscos, animaci\u00f3n en ruta y el sabor cultural \u00fanico de Lo\u00edza.<\/p>\n\n\n\n<p><strong>DETALLES DEL EVENTO<\/strong><\/p>\n\n\n\n<ul class=\"wp-block-list\">\n<li><strong>Evento:<\/strong>&nbsp;Medio Marat\u00f3n de Lo\u00edza \u2013 CSILO 21K<\/li>\n\n\n\n<li><strong>Fecha:<\/strong>\u00a0Domingo, 24 de agosto de 2025<\/li>\n\n\n\n<li><strong>Hora de salida:<\/strong>&nbsp;5:45 AM<\/li>\n\n\n\n<li><strong>Lugar:<\/strong>&nbsp;Facilidades del Concilio de Salud Integral de Lo\u00edza, PR<\/li>\n\n\n\n<li><strong>Distancias:<\/strong>&nbsp;Medio Marat\u00f3n 21K y Carrera 5K<\/li>\n\n\n\n<li><strong>M\u00e1s informaci\u00f3n:<\/strong>&nbsp;<a href=\"http:\/\/www.csilorun.com\/\" target=\"_blank\" rel=\"noreferrer noopener\">www.csilorun.com<\/a><\/li>\n<\/ul>\n","protected":false},"excerpt":{"rendered":"<p>Lo\u00edza, Puerto Rico\u00a0\u2013 Este pr\u00f3ximo\u00a0domingo, 24 de agosto, el pueblo costero se convertir\u00e1 en el epicentro del atletismo puertorrique\u00f1o con la celebraci\u00f3n del\u00a0Medio Marat\u00f3n de Lo\u00edza CSILO 21K. Esta edici\u00f3n [&hellip;]<\/p>\n","protected":false},"author":1,"featured_media":15522,"comment_status":"closed","ping_status":"closed","sticky":false,"template":"","format":"standard","meta":{"footnotes":""},"categories":[1],"tags":[],"class_list":["post-15521","post","type-post","status-publish","format-standard","has-post-thumbnail","hentry","category-running"],"_links":{"self":[{"href":"https:\/\/maratonespr.com\/index.php?rest_route=\/wp\/v2\/posts\/15521","targetHints":{"allow":["GET"]}}],"collection":[{"href":"https:\/\/maratonespr.com\/index.php?rest_route=\/wp\/v2\/posts"}],"about":[{"href":"https:\/\/maratonespr.com\/index.php?rest_route=\/wp\/v2\/types\/post"}],"author":[{"embeddable":true,"href":"https:\/\/maratonespr.com\/index.php?rest_route=\/wp\/v2\/users\/1"}],"replies":[{"embeddable":true,"href":"https:\/\/maratonespr.com\/index.php?rest_route=%2Fwp%2Fv2%2Fcomments&post=15521"}],"version-history":[{"count":2,"href":"https:\/\/maratonespr.com\/index.php?rest_route=\/wp\/v2\/posts\/15521\/revisions"}],"predecessor-version":[{"id":15744,"href":"https:\/\/maratonespr.com\/index.php?rest_route=\/wp\/v2\/posts\/15521\/revisions\/15744"}],"wp:featuredmedia":[{"embeddable":true,"href":"https:\/\/maratonespr.com\/index.php?rest_route=\/wp\/v2\/media\/15522"}],"wp:attachment":[{"href":"https:\/\/maratonespr.com\/index.php?rest_route=%2Fwp%2Fv2%2Fmedia&parent=15521"}],"wp:term":[{"taxonomy":"category","embeddable":true,"href":"https:\/\/maratonespr.com\/index.php?rest_route=%2Fwp%2Fv2%2Fcategories&post=15521"},{"taxonomy":"post_tag","embeddable":true,"href":"https:\/\/maratonespr.com\/index.php?rest_route=%2Fwp%2Fv2%2Ftags&post=15521"}],"curies":[{"name":"wp","href":"https:\/\/api.w.org\/{rel}","templated":true}]}}