{"id":7770,"date":"2019-12-19T08:21:56","date_gmt":"2019-12-19T12:21:56","guid":{"rendered":"https:\/\/maratonespr.com\/?p=7770"},"modified":"2020-01-12T10:00:42","modified_gmt":"2020-01-12T14:00:42","slug":"puerto-rico-tendra-su-carrera-10k-san-silvestre","status":"publish","type":"post","link":"https:\/\/maratonespr.com\/?p=7770","title":{"rendered":"PUERTO RICO TENDR\u00c1 SU CARRERA 10K SAN SILVESTRE"},"content":{"rendered":"\n<p><em>Las carreras de San Silvestre son unas muy\nconocidas y cuentan con una gran historia. <\/em><\/p>\n\n\n<h1><a href=\"https:\/\/resultscui.active.com\/events\/10kSanSilvestre\"><span style=\"color: #ff0000;\">RESULTADOS CARRERA 10k SAN SILVESTRE PUERTO RICO HAZ CLIC AQU\u00cd<\/span><\/a><\/h1>\n<p><\/p>\n<p>Puerto Rico formar\u00e1 parte de una tradici\u00f3n muy antigua y celebrada en m\u00faltiples pa\u00edses: la carrera San Silvestre. <strong>El domingo, 29 de diciembre de 2019 se realizar\u00e1 la primera edici\u00f3n de este tradicional evento<\/strong>, cuyo distintivo es que siempre se realizan al final de cada a\u00f1o. <strong>La carrera de 10 kil\u00f3metros saldr\u00e1 a las 6:00 a.m. desde la Ave. Mu\u00f1oz Rivera en direcci\u00f3n hacia la Calle Norzagaray del Viejo San Juan<\/strong>. Eventualmente, los participantes continuar\u00e1n por una ruta en la que podr\u00e1n ver los Catillos San Crist\u00f3bal y San Felipe del Morro, la Puerta de San Juan y otros lugares ic\u00f3nicos de la Ciudad Amurallada. Al final regresar\u00e1n por las Avenidas Constituci\u00f3n y Mu\u00f1oz Rivera hasta la Calle San Agust\u00edn, donde estar\u00e1 la llegada.<\/p>\n<p>Las San Silvestres son particularmente celebradas en Europa y Latinoam\u00e9rica, donde los corredores han adoptado la tradici\u00f3n concluir el a\u00f1o haciendo una \u00faltima carrera pedestre. Por ejemplo, en Espa\u00f1a, Brasil y M\u00e9xico se realizan las carreras m\u00e1s famosas con dicho tema.<\/p>\n<p><strong>No obstante, m\u00e1s all\u00e1 disfrutar de la carrera 10k San Silvestre-Puerto Rico el evento est\u00e1 dirigido a contribuir con la Fundaci\u00f3n Asistencia del Centro de Trauma, una importante organizaci\u00f3n sin fines de lucro que busca mejorar la calidad de servicios m\u00e9dicos en el \u00fanico Centro de Trauma que existe en la isla. Algunos objetivos de esta fundaci\u00f3n son&nbsp; realizar actividades de prevenci\u00f3n y ayudar en la rehabilitaci\u00f3n de pacientes en situaciones dif\u00edciles de salud. &nbsp;&nbsp;&nbsp;<\/strong><\/p>\n\n\n<figure class=\"wp-block-image\"><img loading=\"lazy\" decoding=\"async\" width=\"936\" height=\"720\" src=\"https:\/\/maratonespr.com\/wp-content\/uploads\/2019\/06\/fOTO1.jpg\" alt=\"\" class=\"wp-image-7771\" srcset=\"https:\/\/maratonespr.com\/wp-content\/uploads\/2019\/06\/fOTO1.jpg 936w, https:\/\/maratonespr.com\/wp-content\/uploads\/2019\/06\/fOTO1-300x231.jpg 300w, https:\/\/maratonespr.com\/wp-content\/uploads\/2019\/06\/fOTO1-768x591.jpg 768w\" sizes=\"auto, (max-width: 936px) 100vw, 936px\" \/><figcaption>La carrera tendr\u00e1 una ruta por la Ciudad Amurallada.<\/figcaption><\/figure>\n\n\n\n<p>Esta costumbre de completar una carrera en nochevieja menciona la historia comenz\u00f3 en Francia, donde las personas corr\u00edan de noche llevando antorchas al terminar el a\u00f1o. De igual manera, el evento se relaciona con Silvestre I, quien fue el Papa n\u00famero 33 de la Iglesia Cat\u00f3lica el cual muri\u00f3 un 31 de diciembre del a\u00f1o 335. Dichas carreras se han popularizado en diversos lugares del mundo, por los que en diciembre decenas de pa\u00edses tienen su carrera San Silvestre.&nbsp; <\/p>\n\n\n\n<h4 class=\"wp-block-heading\"><a href=\"https:\/\/maratonespr.com\/?page_id=7676\">Detalles de la carrera: Ruta, entrega de dorsal y premios en met\u00e1licos.<\/a><\/h4>\n\n\n\n<p>Seg\u00fan los organizadores este 10k ser\u00e1 \u00fanico en Puerto Rico y tiene la visi\u00f3n de convertirse en la carrera favorita de los boricuas para despedir el a\u00f1o. Asimismo, se a\u00f1ade que los participantes contar\u00e1n con m\u00faltiples oasis a trav\u00e9s de la ruta, sistema de cronometraje electr\u00f3nico, una medalla exclusiva, entre otros. Tambi\u00e9n al inscribirse las personas estar\u00e1n ayudando a la Fundaci\u00f3n Asistencia del Centro de Trauma de Puerto Rico.<strong>&nbsp;<\/strong><\/p>\n\n\n<blockquote class=\"instagram-media\" style=\"background: #FFF; border: 0; border-radius: 3px; box-shadow: 0 0 1px 0 rgba(0,0,0,0.5),0 1px 10px 0 rgba(0,0,0,0.15); margin: 1px; max-width: 540px; min-width: 346px; padding: 0; width: calc(100% - 2px);\" data-instgrm-permalink=\"https:\/\/www.instagram.com\/p\/BzN1oeznEPw\/\" data-instgrm-version=\"12\">\n<div style=\"padding: 16px;\">\n<div style=\"display: flex; flex-direction: row; align-items: center;\">\n<div style=\"background-color: #f4f4f4; border-radius: 50%; flex-grow: 0; height: 40px; margin-right: 14px; width: 40px;\">&nbsp;<\/div>\n<div style=\"display: flex; flex-direction: column; flex-grow: 1; justify-content: center;\">\n<div style=\"background-color: #f4f4f4; border-radius: 4px; flex-grow: 0; height: 14px; margin-bottom: 6px; width: 100px;\">&nbsp;<\/div>\n<div style=\"background-color: #f4f4f4; border-radius: 4px; flex-grow: 0; height: 14px; width: 60px;\">&nbsp;<\/div>\n<\/div>\n<\/div>\n<div style=\"padding: 19% 0;\">&nbsp;<\/div>\n<div style=\"display: block; height: 50px; margin: 0 auto 12px; width: 50px;\">&nbsp;<\/div>\n<div style=\"padding-top: 8px;\">\n<div style=\"color: #3897f0; font-family: Arial,sans-serif; font-size: 14px; font-style: normal; font-weight: 550; line-height: 18px;\">View this post on Instagram<\/div>\n<\/div>\n<div style=\"padding: 12.5% 0;\">&nbsp;<\/div>\n<div style=\"display: flex; flex-direction: row; margin-bottom: 14px; align-items: center;\">\n<div>\n<div style=\"background-color: #f4f4f4; border-radius: 50%; height: 12.5px; width: 12.5px; transform: translateX(0px) translateY(7px);\">&nbsp;<\/div>\n<div style=\"background-color: #f4f4f4; height: 12.5px; transform: rotate(-45deg) translateX(3px) translateY(1px); width: 12.5px; flex-grow: 0; margin-right: 14px; margin-left: 2px;\">&nbsp;<\/div>\n<div style=\"background-color: #f4f4f4; border-radius: 50%; height: 12.5px; width: 12.5px; transform: translateX(9px) translateY(-18px);\">&nbsp;<\/div>\n<\/div>\n<div style=\"margin-left: 8px;\">\n<div style=\"background-color: #f4f4f4; border-radius: 50%; flex-grow: 0; height: 20px; width: 20px;\">&nbsp;<\/div>\n<div style=\"width: 0; height: 0; border-top: 2px solid transparent; border-left: 6px solid #f4f4f4; border-bottom: 2px solid transparent; transform: translateX(16px) translateY(-4px) rotate(30deg);\">&nbsp;<\/div>\n<\/div>\n<div style=\"margin-left: auto;\">\n<div style=\"width: 0px; border-top: 8px solid #F4F4F4; border-right: 8px solid transparent; transform: translateY(16px);\">&nbsp;<\/div>\n<div style=\"background-color: #f4f4f4; flex-grow: 0; height: 12px; width: 16px; transform: translateY(-4px);\">&nbsp;<\/div>\n<div style=\"width: 0; height: 0; border-top: 8px solid #F4F4F4; border-left: 8px solid transparent; transform: translateY(-4px) translateX(8px);\">&nbsp;<\/div>\n<\/div>\n<\/div>\n<div style=\"display: flex; flex-direction: column; flex-grow: 1; justify-content: center; margin-bottom: 24px;\">\n<div style=\"background-color: #f4f4f4; border-radius: 4px; flex-grow: 0; height: 14px; margin-bottom: 6px; width: 224px;\">&nbsp;<\/div>\n<div style=\"background-color: #f4f4f4; border-radius: 4px; flex-grow: 0; height: 14px; width: 144px;\">&nbsp;<\/div>\n<\/div>\n<p style=\"color: #c9c8cd; font-family: Arial,sans-serif; font-size: 14px; line-height: 17px; margin-bottom: 0; margin-top: 8px; overflow: hidden; padding: 8px 0 7px; text-align: center; text-overflow: ellipsis; white-space: nowrap;\"><a style=\"color: #c9c8cd; font-family: Arial,sans-serif; font-size: 14px; font-style: normal; font-weight: normal; line-height: 17px; text-decoration: none;\" href=\"https:\/\/www.instagram.com\/p\/BzN1oeznEPw\/\" target=\"_blank\" rel=\"noopener noreferrer\">A post shared by 10k San Silvestre Puerto Rico (@10ksansilvestre)<\/a> on <time style=\"font-family: Arial,sans-serif; font-size: 14px; line-height: 17px;\" datetime=\"2019-06-27T14:16:07+00:00\">Jun 27, 2019 at 7:16am PDT<\/time><\/p>\n<\/div>\n<\/blockquote>\n<p><script async=\"\" src=\"\/\/www.instagram.com\/embed.js\"><\/script><\/p>\n\n\n<p><strong>Datos Generales Fundaci\u00f3n Centro de Trauma de\nPuerto Rico<\/strong><\/p>\n\n\n\n<p>La\nFundaci\u00f3n Asistencia del Centro de Trauma es una importante organizaci\u00f3n sin\nfines de lucro que busca mejorar la calidad de servicios m\u00e9dicos en el \u00fanico\nCentro de Trauma en Puerto Rico.<\/p>\n\n\n\n<p>Los\nobjetivos de la fundaci\u00f3n son:<\/p>\n\n\n\n<ul class=\"wp-block-list\"><li>Investigaci\u00f3n y publicaci\u00f3n<\/li><li>Realizar actividades de prevenci\u00f3n<\/li><li>Promover y proveer educaci\u00f3n continua en el \u00e1rea de trauma<\/li><li>Rehabilitaci\u00f3n del paciente<\/li><li>Servicio de apoyo emocional a familias<\/li><li>Construcci\u00f3n de un nuevo Centro de Trauma<\/li><\/ul>\n\n\n\n<h4 class=\"wp-block-heading\">Las redes sociales de la carrera 10k San Silvestre-Puerto Rico son:<\/h4>\n\n\n\n<p><a href=\"http:\/\/www.facebook.com\/10ksansilvestre\">www.facebook.com\/10ksansilvestre<\/a><\/p>\n\n\n\n<p><a href=\"http:\/\/www.instagram.com\/10ksansilvestre\">www.instagram.com\/10ksansilvestre<\/a> <\/p>\n\n\n\n<p>Informaci\u00f3n: 10ksansilvestre@gmail.com<\/p>\n\n\n<p><iframe loading=\"lazy\" src=\"https:\/\/www.google.com\/maps\/d\/embed?mid=1OWBJlMuMB9ZJ9KQzBrs87kcvPP_9FrUE&amp;hl=en\" width=\"640\" height=\"480\"><\/iframe><\/p>","protected":false},"excerpt":{"rendered":"<p>Las carreras de San Silvestre son unas muy conocidas y cuentan con una gran historia. RESULTADOS CARRERA 10k SAN SILVESTRE PUERTO RICO HAZ CLIC AQU\u00cd Puerto Rico formar\u00e1 parte de [&hellip;]<\/p>\n","protected":false},"author":1,"featured_media":8654,"comment_status":"closed","ping_status":"closed","sticky":false,"template":"","format":"standard","meta":{"footnotes":""},"categories":[1],"tags":[],"class_list":["post-7770","post","type-post","status-publish","format-standard","has-post-thumbnail","hentry","category-running"],"_links":{"self":[{"href":"https:\/\/maratonespr.com\/index.php?rest_route=\/wp\/v2\/posts\/7770","targetHints":{"allow":["GET"]}}],"collection":[{"href":"https:\/\/maratonespr.com\/index.php?rest_route=\/wp\/v2\/posts"}],"about":[{"href":"https:\/\/maratonespr.com\/index.php?rest_route=\/wp\/v2\/types\/post"}],"author":[{"embeddable":true,"href":"https:\/\/maratonespr.com\/index.php?rest_route=\/wp\/v2\/users\/1"}],"replies":[{"embeddable":true,"href":"https:\/\/maratonespr.com\/index.php?rest_route=%2Fwp%2Fv2%2Fcomments&post=7770"}],"version-history":[{"count":28,"href":"https:\/\/maratonespr.com\/index.php?rest_route=\/wp\/v2\/posts\/7770\/revisions"}],"predecessor-version":[{"id":8686,"href":"https:\/\/maratonespr.com\/index.php?rest_route=\/wp\/v2\/posts\/7770\/revisions\/8686"}],"wp:featuredmedia":[{"embeddable":true,"href":"https:\/\/maratonespr.com\/index.php?rest_route=\/wp\/v2\/media\/8654"}],"wp:attachment":[{"href":"https:\/\/maratonespr.com\/index.php?rest_route=%2Fwp%2Fv2%2Fmedia&parent=7770"}],"wp:term":[{"taxonomy":"category","embeddable":true,"href":"https:\/\/maratonespr.com\/index.php?rest_route=%2Fwp%2Fv2%2Fcategories&post=7770"},{"taxonomy":"post_tag","embeddable":true,"href":"https:\/\/maratonespr.com\/index.php?rest_route=%2Fwp%2Fv2%2Ftags&post=7770"}],"curies":[{"name":"wp","href":"https:\/\/api.w.org\/{rel}","templated":true}]}}